{"id":14353,"date":"2016-05-31T11:05:41","date_gmt":"2016-05-31T09:05:41","guid":{"rendered":"https:\/\/ramaruno.com\/?p=14353"},"modified":"2016-05-31T11:05:41","modified_gmt":"2016-05-31T09:05:41","slug":"festival-xarivol","status":"publish","type":"post","link":"https:\/\/ramaruno.com\/es\/festival-xarivol\/","title":{"rendered":"Xarivol celebra el seu gran festival"},"content":{"rendered":"<p>Els alumnes de les classes de les <strong>Marietes Vermelles i Grogues<\/strong> de la llar d&#8217;infants\u00a0Xarivol van oferir el passat dissabte 21 de maig una <strong>mostra de tot el que fan a l&#8217;aula\u00a0<\/strong>en el marc d&#8217;un <strong>gran festival<\/strong>, que va comptar amb una nombrosa assist\u00e8ncia de pares, mares i familiars. Els petits van oferir un tastet dels seus aprenentatges de psicomotricitat seguint ritmes i fent un circuit, i tamb\u00e9 van mostrat algunes de les can\u00e7ons que han apr\u00e8s: <em>Bon dia!<\/em>, <em>La Castanyera<\/em>, <em>En Joan Petit<\/em> i <em>Ad\u00e9u-siau!<\/em><\/p>\n<p>Un cop acabat el festival, es van servir uns refrescos entre els assistents. Ens ho vam passat molt b\u00e9!<\/p>\n<div class=\"gmail_default\"><img fetchpriority=\"high\" decoding=\"async\" class=\"wp-image-14355 size-large alignnone\" src=\"https:\/\/ramaruno.com\/wp-content\/uploads\/Festival-Llar-Infants-1-1019x1024.jpg\" alt=\"El festival de l'escola Xarivol\" width=\"1019\" height=\"1024\" \/><\/div>\n<div class=\"gmail_default\"><\/div>\n<div class=\"gmail_default\"><img decoding=\"async\" class=\"size-large wp-image-14356 alignnone\" src=\"https:\/\/ramaruno.com\/wp-content\/uploads\/Festival-Llar-Infants-2-1024x720.jpg\" alt=\"El festival de l'escola Xarivol\" width=\"1024\" height=\"720\" \/><\/div>\n","protected":false},"excerpt":{"rendered":"<p>Els alumnes de les classes de les Marietes Vermelles i Grogues de la llar d&#8217;infants\u00a0Xarivol van oferir el passat dissabte 21 de maig una mostra de tot el que fan a l&#8217;aula\u00a0en el marc d&#8217;un gran festival, que va comptar amb una nombrosa assist\u00e8ncia de pares, mares i familiars. Els petits van oferir un tastet [&hellip;]<\/p>\n","protected":false},"author":3,"featured_media":14354,"comment_status":"open","ping_status":"open","sticky":false,"template":"","format":"standard","meta":{"inline_featured_image":false,"footnotes":""},"categories":[15,16],"tags":[],"_links":{"self":[{"href":"https:\/\/ramaruno.com\/es\/wp-json\/wp\/v2\/posts\/14353"}],"collection":[{"href":"https:\/\/ramaruno.com\/es\/wp-json\/wp\/v2\/posts"}],"about":[{"href":"https:\/\/ramaruno.com\/es\/wp-json\/wp\/v2\/types\/post"}],"author":[{"embeddable":true,"href":"https:\/\/ramaruno.com\/es\/wp-json\/wp\/v2\/users\/3"}],"replies":[{"embeddable":true,"href":"https:\/\/ramaruno.com\/es\/wp-json\/wp\/v2\/comments?post=14353"}],"version-history":[{"count":0,"href":"https:\/\/ramaruno.com\/es\/wp-json\/wp\/v2\/posts\/14353\/revisions"}],"wp:featuredmedia":[{"embeddable":true,"href":"https:\/\/ramaruno.com\/es\/wp-json\/"}],"wp:attachment":[{"href":"https:\/\/ramaruno.com\/es\/wp-json\/wp\/v2\/media?parent=14353"}],"wp:term":[{"taxonomy":"category","embeddable":true,"href":"https:\/\/ramaruno.com\/es\/wp-json\/wp\/v2\/categories?post=14353"},{"taxonomy":"post_tag","embeddable":true,"href":"https:\/\/ramaruno.com\/es\/wp-json\/wp\/v2\/tags?post=14353"}],"curies":[{"name":"wp","href":"https:\/\/api.w.org\/{rel}","templated":true}]}}