{"id":14365,"date":"2016-06-07T10:00:47","date_gmt":"2016-06-07T08:00:47","guid":{"rendered":"https:\/\/ramaruno.com\/?p=14365"},"modified":"2016-06-07T10:00:47","modified_gmt":"2016-06-07T08:00:47","slug":"resultats-ritmica","status":"publish","type":"post","link":"https:\/\/ramaruno.com\/es\/resultats-ritmica\/","title":{"rendered":"Grans resultats de les alumnes de R\u00edtmica"},"content":{"rendered":"<p>[vc_row][vc_column][vc_column_text]Les alumnes de R\u00edtmica han protagonitzat darrerament un munt de not\u00edcies arran de la seva partici\u00f3 a un munt de campionats i competicions. Moltes d&#8217;elles han aconseguit grans resultats i des de Ramar 1 volem felicitar-les!<\/p>\n<p lang=\"es-ES\" align=\"justify\"><strong><span lang=\"ca-ES\">Final de la Copa Catalana de Gimn\u00e0stica R\u00edtmica<\/span><\/strong><\/p>\n<p lang=\"es-ES\" align=\"justify\"><span lang=\"ca-ES\">El<\/span><span lang=\"ca-ES\">\u00a0<\/span><span lang=\"ca-ES\">passat<\/span><span lang=\"ca-ES\">\u00a0<\/span><span lang=\"ca-ES\">21 de<\/span><span lang=\"ca-ES\">\u00a0<\/span><span lang=\"ca-ES\">maig<\/span><span lang=\"ca-ES\">\u00a0<\/span><span lang=\"ca-ES\">va<\/span><span lang=\"ca-ES\">\u00a0<\/span><span lang=\"ca-ES\">tenir<\/span><span lang=\"ca-ES\">\u00a0<\/span><span lang=\"ca-ES\">lloc<\/span><span lang=\"ca-ES\">\u00a0<\/span><span lang=\"ca-ES\">al<\/span><span lang=\"ca-ES\">\u00a0<\/span><span lang=\"ca-ES\">Pavell\u00f3<\/span><span lang=\"ca-ES\">\u00a0<\/span><span lang=\"ca-ES\">de<\/span><span lang=\"ca-ES\">\u00a0<\/span><span lang=\"ca-ES\">Torredembarra la\u00a0Final de la Copa Catalana de Gimn\u00e0stica R\u00edtmica<\/span><span lang=\"ca-ES\">. La representaci\u00f3 de Ramar van ser: L\u00eddia Navarro, Vict\u00f2ria Antonella de Le\u00f3n, Alba Huertas, Nerea Mart\u00ednez i Nat\u00e0lia Ros. L\u00eddia Navarro es va proclamar campiona de Catalunya en la categoria S\u00e8nior IV, mentre que Vict\u00f2ria Antonella de Le\u00f3n va quedar tercera de Catalunya en el nivell de base, la categoria Juvenil.<\/span><\/p>\n<p>[\/vc_column_text][vc_media_grid grid_id=\u00bbvc_gid:1465297864226-bbc31372-a03a-4&#8243; include=\u00bb14366&#8243;][vc_column_text]<\/p>\n<p style=\"text-align: justify;\"><strong>Final Nacional de Conjunts dels Jocs Esportius Escolars de Catalunya<\/strong><span lang=\"ca-ES\"><a href=\"https:\/\/ramaruno.com\/wp-content\/uploads\/Ritmica2.2.jpg\"><br \/>\n<\/a><br \/>\n<\/span><span lang=\"ca-ES\">El<\/span><span lang=\"ca-ES\">\u00a0\u00a0<\/span><span lang=\"ca-ES\">diumenge<\/span><span lang=\"ca-ES\">\u00a0<\/span><span lang=\"ca-ES\">29 de maig, Sabadell<\/span><span lang=\"ca-ES\">\u00a0va acollir\u00a0<\/span><span lang=\"ca-ES\">la final nacional de<\/span><span lang=\"ca-ES\">\u00a0<\/span><span lang=\"ca-ES\">Gimn\u00e0stica<\/span><span lang=\"ca-ES\">\u00a0<\/span><span lang=\"ca-ES\">R\u00edtmica<\/span><span lang=\"ca-ES\">\u00a0<\/span><span lang=\"ca-ES\">Conjunts<\/span><span lang=\"ca-ES\">\u00a0<\/span><span lang=\"ca-ES\">a la Pista<\/span><span lang=\"ca-ES\">\u00a0<\/span><span lang=\"ca-ES\">Coberta<\/span><span lang=\"ca-ES\">\u00a0<\/span><span lang=\"ca-ES\">d\u2019<\/span><span lang=\"ca-ES\">Atletisme<\/span><span lang=\"ca-ES\">. Ramar va participar-hi amb el<\/span><span lang=\"ca-ES\">\u00a0c<\/span><span lang=\"ca-ES\">onjunt<\/span><span lang=\"ca-ES\">\u00a0<\/span><span lang=\"ca-ES\">Alev\u00ed<\/span><span lang=\"ca-ES\">\u00a0<\/span><span lang=\"ca-ES\">de<\/span><span lang=\"ca-ES\">\u00a0<\/span><span lang=\"ca-ES\">Promoci\u00f3<\/span><span lang=\"ca-ES\">\u00a0<\/span><span lang=\"ca-ES\">A,<\/span><span lang=\"ca-ES\">\u00a0<\/span><span lang=\"ca-ES\">format<\/span><span lang=\"ca-ES\">\u00a0<\/span><span lang=\"ca-ES\">per les<\/span><span lang=\"ca-ES\">\u00a0<\/span><span lang=\"ca-ES\">gimnastes<\/span><span lang=\"ca-ES\">\u00a0<\/span><span lang=\"ca-ES\">Lidia<\/span><span lang=\"ca-ES\">\u00a0<\/span><span lang=\"ca-ES\">Rodr\u00edguez<\/span><span lang=\"ca-ES\">, Carla<\/span><span lang=\"ca-ES\">\u00a0<\/span><span lang=\"ca-ES\">Baranguer<\/span><span lang=\"ca-ES\">, Eva<\/span><span lang=\"ca-ES\">\u00a0<\/span><span lang=\"ca-ES\">Garcia<\/span><span lang=\"ca-ES\">, Nuria<\/span><span lang=\"ca-ES\">\u00a0<\/span><span lang=\"ca-ES\">Karzazi<\/span><span lang=\"ca-ES\">, Irina<\/span><span lang=\"ca-ES\">\u00a0<\/span><span lang=\"ca-ES\">Ferr\u00e0ndiz<\/span><span lang=\"ca-ES\">\u00a0i Aina<\/span><span lang=\"ca-ES\">\u00a0<\/span><span lang=\"ca-ES\">Santamaria. Aquest grup va aconseguir el 2n premi davant dels nombrosos conjunts participants de Joc Net (Jugar net \u00e9s guanyar).<\/span><\/p>\n<p style=\"text-align: justify;\">A m\u00e9s, el Consell Esportiu Sabadell va proposar que a la celebraci\u00f3 d&#8217;aquesta final, la gimnasta Vict\u00f2ria Antonella De Le\u00f3n mostr\u00e9s l&#8217;exercici que li va donar la cinquena\u00a0posici\u00f3 al Campionat d\u2019Espanya Base en la categoria Juvenil.<\/p>\n<p>[\/vc_column_text][vc_media_grid grid_id=\u00bbvc_gid:1465297864233-9dff3091-0f3f-2&#8243; include=\u00bb14368,14369,14372,14373&#8243;][vc_column_text]<\/p>\n<p align=\"justify\"><strong>Final territorial de Conjunts de Promoci\u00f3 A i B<\/strong><\/p>\n<p class=\"western\" align=\"justify\">El passat 14 de maig es va celebrar al Pavell\u00f3 de Can Quadres de Sabadell la Final Territorial de Conjunts de Promoci\u00f3 A i Promoci\u00f3 B.\u00a0Amb un nivell molt alt, les nostres petites i grans gimnastes han demostrat estar a l&#8217;al\u00e7ada i ens han fet gaudir d&#8217;all\u00f2 m\u00e9s. Moltes felicitats per la vostra participaci\u00f3!<\/p>\n<p>[\/vc_column_text][vc_media_grid grid_id=\u00bbvc_gid:1465297864235-017ab79d-358b-9&#8243; include=\u00bb14374,14377,14378,14380&#8243;][vc_column_text]<\/p>\n<p lang=\"es-ES\" style=\"text-align: justify;\"><strong><span lang=\"ca-ES\">Trofeu de les Flors a Girona<\/span><\/strong><\/p>\n<p lang=\"es-ES\" style=\"text-align: justify;\" align=\"justify\"><span lang=\"ca-ES\">El passat 14 de maig es va celebrar a Girona el\u202f<\/span><span lang=\"ca-ES\">\u00a0I Trofeu Temps de Flors. les nostres gimnastes van aconseguir grans resultats:<\/span><\/p>\n<p style=\"text-align: justify;\"><span lang=\"ca-ES\">Infantil<\/span><span lang=\"ca-ES\">\u00a0<\/span><span lang=\"ca-ES\">IV ;<\/span><span lang=\"ca-ES\">\u00a0<\/span><span lang=\"ca-ES\">3a<\/span><span lang=\"ca-ES\"> Mireia Ros<\/span><span lang=\"ca-ES\">\u00a0<\/span><\/p>\n<p style=\"text-align: justify;\"><span lang=\"ca-ES\">Infantil<\/span><span lang=\"ca-ES\">\u00a0<\/span><span lang=\"ca-ES\">V :<\/span><span lang=\"ca-ES\">\u00a0<\/span><span lang=\"ca-ES\">1a Nerea Mart\u00ednez<\/span><span lang=\"ca-ES\">\u00a0<\/span><\/p>\n<p style=\"text-align: justify;\"><span lang=\"ca-ES\">J\u00fanior<\/span><span lang=\"ca-ES\">\u00a0<\/span><span lang=\"ca-ES\">IV :<\/span><span lang=\"ca-ES\">\u00a0<\/span><span lang=\"ca-ES\">1a Laia Hern\u00e1ndez\u202f<\/span><span lang=\"ca-ES\">\u00a0<\/span><\/p>\n<p style=\"text-align: justify;\"><span lang=\"ca-ES\">Junior<\/span><span lang=\"ca-ES\">\u00a0<\/span><span lang=\"ca-ES\">V :<\/span><span lang=\"ca-ES\">\u00a0<\/span><span lang=\"ca-ES\">2a Nat\u00e0lia Ros<\/span><span lang=\"ca-ES\">\u00a0<\/span><\/p>\n<p style=\"text-align: justify;\"><span lang=\"ca-ES\">Junior<\/span><span lang=\"ca-ES\">\u00a0<\/span><span lang=\"ca-ES\">VI :<\/span><span lang=\"ca-ES\">\u00a0<\/span><span lang=\"ca-ES\">1a Mar\u00eda Montes<\/span><span lang=\"ca-ES\">\u00a0<\/span><\/p>\n<p style=\"text-align: justify;\"><span lang=\"ca-ES\">S\u00e8nior<\/span><span lang=\"ca-ES\">\u00a0<\/span><span lang=\"ca-ES\">VI :<\/span><span lang=\"ca-ES\">\u00a0<\/span><span lang=\"ca-ES\">1a Noelia Castilla 2a Mar\u00eda<\/span><span lang=\"ca-ES\">\u00a0<\/span><span lang=\"ca-ES\">Elvinia<\/span><span lang=\"ca-ES\">\u00a0<\/span><span lang=\"ca-ES\">Spataru<\/span><span lang=\"ca-ES\">\u00a0<\/span><\/p>\n<p style=\"text-align: justify;\"><span lang=\"ca-ES\">S\u00e8nior<\/span><span lang=\"ca-ES\">\u00a0<\/span><span lang=\"ca-ES\">IV: 3a<\/span><span lang=\"ca-ES\">\u00a0<\/span><span lang=\"ca-ES\">Maria<\/span><span lang=\"ca-ES\">\u00a0<\/span><span lang=\"ca-ES\">Espinola<\/span><span lang=\"ca-ES\">\u00a0<\/span><\/p>\n<p style=\"text-align: justify;\"><span lang=\"ca-ES\">Juvenil<\/span><span lang=\"ca-ES\">\u00a0<\/span><span lang=\"ca-ES\">VII :<\/span><span lang=\"ca-ES\">\u00a0<\/span><span lang=\"ca-ES\">1a Victoria<\/span><span lang=\"ca-ES\">\u00a0<\/span><span lang=\"ca-ES\">Antonela<\/span><span lang=\"ca-ES\">\u00a0<\/span><span lang=\"ca-ES\">de Le\u00f3n, 2a Alba Fern\u00e1ndez i 3a Laura Bueno<\/span><span lang=\"ca-ES\">\u00a0<\/span><\/p>\n<p style=\"text-align: justify;\"><span lang=\"ca-ES\">Tamb\u00e9 han participat en aquest trofeu: Alba M\u00e1rquez, Alba Huertas, Elisabeth<\/span><span lang=\"ca-ES\"> Vaca (4a classificada), que malgrat no han pujat a p\u00f2dium, ens han enlluernat amb els seus exercicis.<\/span><span lang=\"ca-ES\">\u00a0<\/span><\/p>\n<p>[\/vc_column_text][vc_media_grid grid_id=\u00bbvc_gid:1465297864239-71d17cfa-bc6a-7&#8243; include=\u00bb14381,14382&#8243;][vc_column_text]<\/p>\n<p lang=\"es-ES\" style=\"text-align: justify;\" align=\"justify\"><strong>Campionat d&#8217;Espanya Base<\/strong><\/p>\n<p lang=\"es-ES\" style=\"text-align: justify;\" align=\"justify\"><span lang=\"ca-ES\">El passat 21 d\u2019abril va tenir lloc a Gij\u00f3n el Campionat d\u2019Espanya Base en la Modalitat Individual. El Club Esportiu Ramar va optar a aquest campionat amb la gimnasta Vict\u00f2ria<\/span><span lang=\"ca-ES\">\u00a0<\/span><span lang=\"ca-ES\">Antonella<\/span><span lang=\"ca-ES\">\u00a0<\/span><span lang=\"ca-ES\">De<\/span><span lang=\"ca-ES\">\u00a0<\/span><span lang=\"ca-ES\">Le\u00f3n<\/span><span lang=\"ca-ES\">\u00a0<\/span><span lang=\"ca-ES\">Choca,<\/span><span lang=\"ca-ES\">\u00a0<\/span><span lang=\"ca-ES\">aconseguint una merit\u00f2ria 5a<\/span><span lang=\"ca-ES\">\u00a0<\/span><span lang=\"ca-ES\">posici\u00f3<\/span><span lang=\"ca-ES\">\u00a0<\/span><span lang=\"ca-ES\">davant les 178 gimnastes que participaven en aquesta categoria i nivell.<\/span>\u00a0D<span lang=\"ca-ES\">es de Ramar volem felicitar a la nostra gimnasta per aconseguir aquest meravell\u00f3s resultat!<\/span><\/p>\n<p>[\/vc_column_text][vc_media_grid grid_id=\u00bbvc_gid:1465297864242-50fa4251-15ff-10&#8243; include=\u00bb14419&#8243;][\/vc_column][\/vc_row]<\/p>\n","protected":false},"excerpt":{"rendered":"<p>[vc_row][vc_column][vc_column_text]Les alumnes de R\u00edtmica han protagonitzat darrerament un munt de not\u00edcies arran de la seva partici\u00f3 a un munt de campionats i competicions. Moltes d&#8217;elles han aconseguit grans resultats i des de Ramar 1 volem felicitar-les! Final de la Copa Catalana de Gimn\u00e0stica R\u00edtmica El\u00a0passat\u00a021 de\u00a0maig\u00a0va\u00a0tenir\u00a0lloc\u00a0al\u00a0Pavell\u00f3\u00a0de\u00a0Torredembarra la\u00a0Final de la Copa Catalana de Gimn\u00e0stica R\u00edtmica. La [&hellip;]<\/p>\n","protected":false},"author":3,"featured_media":14377,"comment_status":"open","ping_status":"open","sticky":false,"template":"","format":"standard","meta":{"inline_featured_image":false,"footnotes":""},"categories":[18,15,16,17],"tags":[],"_links":{"self":[{"href":"https:\/\/ramaruno.com\/es\/wp-json\/wp\/v2\/posts\/14365"}],"collection":[{"href":"https:\/\/ramaruno.com\/es\/wp-json\/wp\/v2\/posts"}],"about":[{"href":"https:\/\/ramaruno.com\/es\/wp-json\/wp\/v2\/types\/post"}],"author":[{"embeddable":true,"href":"https:\/\/ramaruno.com\/es\/wp-json\/wp\/v2\/users\/3"}],"replies":[{"embeddable":true,"href":"https:\/\/ramaruno.com\/es\/wp-json\/wp\/v2\/comments?post=14365"}],"version-history":[{"count":0,"href":"https:\/\/ramaruno.com\/es\/wp-json\/wp\/v2\/posts\/14365\/revisions"}],"wp:featuredmedia":[{"embeddable":true,"href":"https:\/\/ramaruno.com\/es\/wp-json\/"}],"wp:attachment":[{"href":"https:\/\/ramaruno.com\/es\/wp-json\/wp\/v2\/media?parent=14365"}],"wp:term":[{"taxonomy":"category","embeddable":true,"href":"https:\/\/ramaruno.com\/es\/wp-json\/wp\/v2\/categories?post=14365"},{"taxonomy":"post_tag","embeddable":true,"href":"https:\/\/ramaruno.com\/es\/wp-json\/wp\/v2\/tags?post=14365"}],"curies":[{"name":"wp","href":"https:\/\/api.w.org\/{rel}","templated":true}]}}