{"id":14386,"date":"2016-06-09T11:00:10","date_gmt":"2016-06-09T09:00:10","guid":{"rendered":"https:\/\/ramaruno.com\/?p=14386"},"modified":"2016-06-09T11:00:10","modified_gmt":"2016-06-09T09:00:10","slug":"inici-olimpiades","status":"publish","type":"post","link":"https:\/\/ramaruno.com\/es\/inici-olimpiades\/","title":{"rendered":"Continuen les Olimp\u00edades de Ramar"},"content":{"rendered":"<p>[vc_row][vc_column][vc_column_text]Quart\u00a0dia de les\u00a0<strong>Olimp\u00edades de Ramar.<\/strong>\u00a0Els <strong>alumnes d&#8217;ESO<\/strong> s\u00f3n els protagonistes d&#8217;aquest dijous, tot\u00a0competint en diversos esports d&#8217;equip, com el <strong>b\u00e0squet i el futbol<\/strong> al Pavell\u00f3 del Sud. Durant aquesta setmana, els alumnes de <strong>Prim\u00e0ria i ESO<\/strong> estan participant en aquestes proves: dilluns i dimarts, els alumnes de Prim\u00e0ria van mostrar les seves capacitats en atletisme i en esports d&#8217;equip. I ahir dimecres, els alumnes d&#8217;ESO tamb\u00e9 van competir en diverses proves d&#8217;atletisme.<\/p>\n<p>Pr\u00e8viament a l&#8217;inici de les proves, divendres passat\u00a0va tenir lloc <strong>l&#8217;acte inaugural<\/strong>, que va comptar amb la presentaci\u00f3 de la bandera ol\u00edmpica, la bandera de Ramar, la mascota i el cartell ol\u00edmpic d&#8217;aquesta edici\u00f3, creats i triats pels alumnes i els professors. A m\u00e9s, tamb\u00e9 es va realitzar el jurament ol\u00edmpic, a c\u00e0rrec d&#8217;un alumnes i un professor.[\/vc_column_text][vc_media_grid grid_id=\u00bbvc_gid:1465462078305-e8400b0f-057b-10&#8243; include=\u00bb14456,14457,14458,14444,14443,14442,14441,14414,14415,14416,14405,14406,14388,14387,14389&#8243;][vc_column_text]<strong>La mascota d&#8217;aquestes Olimp\u00edades<\/strong><\/p>\n<p>Us presentem la mascota de les Olimp\u00edades de Ramar 1! \u00c9s obra de la Beth, una de les nostres alumnes, quan estava a 2n d&#8217;ESO. Ara, un any despr\u00e9s, l&#8217;hem fet en volum a la classe de Pl\u00e0stica (amb l&#8217;ajuda de la professora Mayte). Els alumnes estan buscant ara un nom per a la nostra mascota![\/vc_column_text][vc_media_grid grid_id=\u00bbvc_gid:1465462078313-1572e6b0-0dca-0&#8243; include=\u00bb14390&#8243;][\/vc_column][\/vc_row]<\/p>\n","protected":false},"excerpt":{"rendered":"<p>[vc_row][vc_column][vc_column_text]Quart\u00a0dia de les\u00a0Olimp\u00edades de Ramar.\u00a0Els alumnes d&#8217;ESO s\u00f3n els protagonistes d&#8217;aquest dijous, tot\u00a0competint en diversos esports d&#8217;equip, com el b\u00e0squet i el futbol al Pavell\u00f3 del Sud. Durant aquesta setmana, els alumnes de Prim\u00e0ria i ESO estan participant en aquestes proves: dilluns i dimarts, els alumnes de Prim\u00e0ria van mostrar les seves capacitats en atletisme [&hellip;]<\/p>\n","protected":false},"author":3,"featured_media":14456,"comment_status":"open","ping_status":"open","sticky":false,"template":"","format":"standard","meta":{"inline_featured_image":false,"footnotes":""},"categories":[18,15,16,17],"tags":[],"_links":{"self":[{"href":"https:\/\/ramaruno.com\/es\/wp-json\/wp\/v2\/posts\/14386"}],"collection":[{"href":"https:\/\/ramaruno.com\/es\/wp-json\/wp\/v2\/posts"}],"about":[{"href":"https:\/\/ramaruno.com\/es\/wp-json\/wp\/v2\/types\/post"}],"author":[{"embeddable":true,"href":"https:\/\/ramaruno.com\/es\/wp-json\/wp\/v2\/users\/3"}],"replies":[{"embeddable":true,"href":"https:\/\/ramaruno.com\/es\/wp-json\/wp\/v2\/comments?post=14386"}],"version-history":[{"count":0,"href":"https:\/\/ramaruno.com\/es\/wp-json\/wp\/v2\/posts\/14386\/revisions"}],"wp:featuredmedia":[{"embeddable":true,"href":"https:\/\/ramaruno.com\/es\/wp-json\/"}],"wp:attachment":[{"href":"https:\/\/ramaruno.com\/es\/wp-json\/wp\/v2\/media?parent=14386"}],"wp:term":[{"taxonomy":"category","embeddable":true,"href":"https:\/\/ramaruno.com\/es\/wp-json\/wp\/v2\/categories?post=14386"},{"taxonomy":"post_tag","embeddable":true,"href":"https:\/\/ramaruno.com\/es\/wp-json\/wp\/v2\/tags?post=14386"}],"curies":[{"name":"wp","href":"https:\/\/api.w.org\/{rel}","templated":true}]}}