{"id":14600,"date":"2016-06-28T13:45:14","date_gmt":"2016-06-28T11:45:14","guid":{"rendered":"https:\/\/ramaruno.com\/?p=14600"},"modified":"2016-06-28T13:45:14","modified_gmt":"2016-06-28T11:45:14","slug":"festival-final-curs-ritmica","status":"publish","type":"post","link":"https:\/\/ramaruno.com\/es\/festival-final-curs-ritmica\/","title":{"rendered":"Festival de final de curs de Gimn\u00e0stica R\u00edtmica"},"content":{"rendered":"<p>[vc_row][vc_column][vc_column_text]Una <strong>norantena de gimnastes han acomiadat la temporada 2015-2016 de l\u2019activitat de Gimn\u00e0stica R\u00edtmica<\/strong> al <strong>Pavell\u00f3 del Sud<\/strong> mostrant un resum dels exercicis que s&#8217;han treballat\u00a0durant aquests mesos\u00a0en la modalitat individual, de conjunts i en grups. Per aquest festival de final de curs\u00a0<strong>s&#8217;han preparat un munt d&#8217;exercicis en grups<\/strong> i amb un tema musical concret. Aix\u00ed, les gimnastes han llu\u00eft vestuaris molt diversos: Mexicanes,\u00a0la <em>Chica Yey\u00e9<\/em>, <em>Grease<\/em>, <em>Mary Poppins<\/em>, <em>Aire Andaluz<\/em> i el musical de <em>Mama Mia-Abba<\/em>.<\/p>\n<p>Durant l&#8217;acte, la directora del Centre d\u2019Estudis Ramar 1, Candi Calahorro, va dirigir unes paraules a totes les gimnastes participants, <strong>felicitant-les pel seu treball\u00a0durant la temporada<\/strong>;\u00a0i tamb\u00e9 va agrair\u00a0la tasca dels seus familiars, en reconeixement a l\u2019esfor\u00e7 diari i constant que implica la pr\u00e0ctica d\u2019aquesta disciplina esportiva.<\/p>\n<p>Totes les gimnastes van rebre, a m\u00e9s,\u00a0<strong>obsequis<\/strong> per la seva\u00a0participaci\u00f3 i un <strong>diploma personalitzat<\/strong>. Abans d&#8217;acabar el festival es va realitzar tamb\u00e9 una <strong>fotografia de grup<\/strong> per al record.\u00a0Moltes felicitats a totes i fins a la propera temporada![\/vc_column_text][vc_media_grid grid_id=\u00bbvc_gid:1467114090344-b4975938-cb02-1&#8243; include=\u00bb14601,14602,14603,14604,14605,14606,14607&#8243;][\/vc_column][\/vc_row]<\/p>\n","protected":false},"excerpt":{"rendered":"<p>[vc_row][vc_column][vc_column_text]Una norantena de gimnastes han acomiadat la temporada 2015-2016 de l\u2019activitat de Gimn\u00e0stica R\u00edtmica al Pavell\u00f3 del Sud mostrant un resum dels exercicis que s&#8217;han treballat\u00a0durant aquests mesos\u00a0en la modalitat individual, de conjunts i en grups. Per aquest festival de final de curs\u00a0s&#8217;han preparat un munt d&#8217;exercicis en grups i amb un tema musical concret. [&hellip;]<\/p>\n","protected":false},"author":3,"featured_media":14603,"comment_status":"open","ping_status":"open","sticky":false,"template":"","format":"standard","meta":{"inline_featured_image":false,"footnotes":""},"categories":[18,15,16,17],"tags":[],"_links":{"self":[{"href":"https:\/\/ramaruno.com\/es\/wp-json\/wp\/v2\/posts\/14600"}],"collection":[{"href":"https:\/\/ramaruno.com\/es\/wp-json\/wp\/v2\/posts"}],"about":[{"href":"https:\/\/ramaruno.com\/es\/wp-json\/wp\/v2\/types\/post"}],"author":[{"embeddable":true,"href":"https:\/\/ramaruno.com\/es\/wp-json\/wp\/v2\/users\/3"}],"replies":[{"embeddable":true,"href":"https:\/\/ramaruno.com\/es\/wp-json\/wp\/v2\/comments?post=14600"}],"version-history":[{"count":0,"href":"https:\/\/ramaruno.com\/es\/wp-json\/wp\/v2\/posts\/14600\/revisions"}],"wp:featuredmedia":[{"embeddable":true,"href":"https:\/\/ramaruno.com\/es\/wp-json\/"}],"wp:attachment":[{"href":"https:\/\/ramaruno.com\/es\/wp-json\/wp\/v2\/media?parent=14600"}],"wp:term":[{"taxonomy":"category","embeddable":true,"href":"https:\/\/ramaruno.com\/es\/wp-json\/wp\/v2\/categories?post=14600"},{"taxonomy":"post_tag","embeddable":true,"href":"https:\/\/ramaruno.com\/es\/wp-json\/wp\/v2\/tags?post=14600"}],"curies":[{"name":"wp","href":"https:\/\/api.w.org\/{rel}","templated":true}]}}