{"id":14862,"date":"2016-10-21T08:55:24","date_gmt":"2016-10-21T06:55:24","guid":{"rendered":"https:\/\/ramaruno.com\/?p=14862"},"modified":"2016-10-21T08:55:24","modified_gmt":"2016-10-21T06:55:24","slug":"previa-sant-rafael-2016","status":"publish","type":"post","link":"https:\/\/ramaruno.com\/es\/previa-sant-rafael-2016\/","title":{"rendered":"Xocolata desfeta i un munt d&#8217;activitats per celebrar Sant Rafael"},"content":{"rendered":"<p><strong>Ramar 1<\/strong> celebra aquest <strong>dilluns 24 d&#8217;octubre<\/strong> la diada de <strong>Sant Rafael 2016<\/strong>, en honor del fundador de Ramar,\u00a0<strong>Rafael Aparicio<\/strong>. Com \u00e9s tradicional, l&#8217;escola organitzar\u00e0 durant tot el dia <strong>un munt d&#8217;activitats ben divertides<\/strong> per commemorar\u00a0aquesta onom\u00e0stica. Cada cicle educatiu realitzar\u00e0 tallers, jocs o sortides culturals adaptades a l&#8217;edat dels alumnes. I a m\u00e9s, no hi faltar\u00e0 <strong>una gran xocolatada<\/strong> per a tots els alumnes!\u00a0A continuaci\u00f3 podeu consultar el programa d&#8217;actes de cada cicle:<\/p>\n<p style=\"text-align: justify;\"><strong>LLAR D&#8217;INFANTS<\/strong><\/p>\n<hr \/>\n<ul>\n<li style=\"text-align: justify;\">\u00abLa histo\u0300ria de Ramar en forma de conte\u00bb.<\/li>\n<li>Esmorzar: xocolata desfeta amb pa per sucar.<\/li>\n<li>Ballaruca.<\/li>\n<\/ul>\n<p>&nbsp;<\/p>\n<p><strong>EDUCACI\u00d3 INFANTIL<\/strong><\/p>\n<hr \/>\n<p><strong>Mat\u00ed:<\/strong><\/p>\n<ul>\n<li>\u00abLa histo\u0300ria de Ramar en forma de conte\u00bb.<\/li>\n<li>Sessio\u0301 de jocs compartits.<\/li>\n<\/ul>\n<p><strong>Tarda:<\/strong><\/p>\n<ul>\n<li>Xocolatada.<\/li>\n<li>Pintarem un dibuix de la festa.<\/li>\n<li>Ballaruca.<\/li>\n<\/ul>\n<p>&nbsp;<\/p>\n<p><strong>EDUCACI\u00d3\u00a0PRIMA\u0300RIA<\/strong><\/p>\n<hr \/>\n<p><strong>Mati\u0301:<\/strong><\/p>\n<ul>\n<li>Jocs cooperatius a la classe.<\/li>\n<li>Manualitat de Sant Rafael \/ Decoracio\u0301 de tardor \/ Mural col\u00b7lectiu.<\/li>\n<\/ul>\n<p><strong>Tarda:<\/strong><\/p>\n<ul>\n<li>Xocolatada.<\/li>\n<li>Ballaruca.<\/li>\n<\/ul>\n<p>&nbsp;<\/p>\n<p><strong>ESO<\/strong><\/p>\n<hr \/>\n<p><strong>Mati\u0301 amb sortides culturals:<\/strong><\/p>\n<div title=\"Page 1\">\n<div>\n<div>\n<ul>\n<li>1r d\u2019ESO: Museu d\u2019Histo\u0300ria de Sabadell. Taller d&#8217;histo\u0300ries del carrer.<\/li>\n<li>2n d\u2019ESO: Itinerari per Sabadell: naixement d\u2019una vil\u00b7la (segles XI-XV).<\/li>\n<li>3r d\u2019ESO: Museu del Gas. Taller dels secrets de l\u2019electricitat i la fi\u0301sica del gas.<\/li>\n<li>4t d\u2019ESO: Aeroport de Sabadell. Taller sobre la relacio\u0301 de les aeronaus amb les matema\u0300tiques i la fi\u0301sica aplicada.<\/li>\n<\/ul>\n<p><strong>Tarda:<\/strong><\/p>\n<ul>\n<li>Concurs de pastissos o cupcakes.<\/li>\n<li>Xocolatada.<\/li>\n<\/ul>\n<\/div>\n<\/div>\n<\/div>\n","protected":false},"excerpt":{"rendered":"<p>Ramar 1 celebra aquest dilluns 24 d&#8217;octubre la diada de Sant Rafael 2016, en honor del fundador de Ramar,\u00a0Rafael Aparicio. Com \u00e9s tradicional, l&#8217;escola organitzar\u00e0 durant tot el dia un munt d&#8217;activitats ben divertides per commemorar\u00a0aquesta onom\u00e0stica. Cada cicle educatiu realitzar\u00e0 tallers, jocs o sortides culturals adaptades a l&#8217;edat dels alumnes. I a m\u00e9s, no [&hellip;]<\/p>\n","protected":false},"author":3,"featured_media":14863,"comment_status":"closed","ping_status":"closed","sticky":false,"template":"","format":"standard","meta":{"inline_featured_image":false,"footnotes":""},"categories":[18,15,16,17],"tags":[],"_links":{"self":[{"href":"https:\/\/ramaruno.com\/es\/wp-json\/wp\/v2\/posts\/14862"}],"collection":[{"href":"https:\/\/ramaruno.com\/es\/wp-json\/wp\/v2\/posts"}],"about":[{"href":"https:\/\/ramaruno.com\/es\/wp-json\/wp\/v2\/types\/post"}],"author":[{"embeddable":true,"href":"https:\/\/ramaruno.com\/es\/wp-json\/wp\/v2\/users\/3"}],"replies":[{"embeddable":true,"href":"https:\/\/ramaruno.com\/es\/wp-json\/wp\/v2\/comments?post=14862"}],"version-history":[{"count":0,"href":"https:\/\/ramaruno.com\/es\/wp-json\/wp\/v2\/posts\/14862\/revisions"}],"wp:featuredmedia":[{"embeddable":true,"href":"https:\/\/ramaruno.com\/es\/wp-json\/"}],"wp:attachment":[{"href":"https:\/\/ramaruno.com\/es\/wp-json\/wp\/v2\/media?parent=14862"}],"wp:term":[{"taxonomy":"category","embeddable":true,"href":"https:\/\/ramaruno.com\/es\/wp-json\/wp\/v2\/categories?post=14862"},{"taxonomy":"post_tag","embeddable":true,"href":"https:\/\/ramaruno.com\/es\/wp-json\/wp\/v2\/tags?post=14862"}],"curies":[{"name":"wp","href":"https:\/\/api.w.org\/{rel}","templated":true}]}}