{"id":14896,"date":"2016-11-09T10:08:06","date_gmt":"2016-11-09T09:08:06","guid":{"rendered":"https:\/\/ramaruno.com\/?p=14896"},"modified":"2016-11-09T10:08:06","modified_gmt":"2016-11-09T09:08:06","slug":"santrafael-2016-eso","status":"publish","type":"post","link":"https:\/\/ramaruno.com\/es\/santrafael-2016-eso\/","title":{"rendered":"Els alumnes d&#8217;ESO visiten el Museu d&#8217;Hist\u00f2ria, el Museu del Gas i l&#8217;Aeroport"},"content":{"rendered":"<p>[vc_row][vc_column][vc_column_text]Els <strong>alumnes d&#8217;ESO<\/strong> tamb\u00e9 van\u00a0celebrar el passat 24 d&#8217;octubre la <strong>diada de Sant Rafael<\/strong> amb un munt\u00a0d&#8217;activitats, entre elles, tot un seguit de\u00a0sortides culturals a equipaments sabadellencs. Els de<strong> 2n d&#8217;ESO<\/strong>, per exemple, van realitzar un itinerari per Sabadell seguint el fil de la hist\u00f2ria de la ciutat, fent parada al <strong>Museu d&#8217;Hist\u00f2ria<\/strong>.<\/p>\n<p>En el cas de <strong>3r d&#8217;ESO<\/strong>, els alumnes van acostar-se fins al <strong>Museu del Gas<\/strong>, on van realitzar un parell de tallers sobre \u00abla f\u00edsica i qu\u00edmica del gas\u00bb i \u00abels secrets de l&#8217;electricitat\u00bb. \u00a0I pel que fa a <strong>4t d&#8217;ESO<\/strong>, els joves van anar fins a l&#8217;<strong>Aeroport de Sabadell<\/strong> per visitar les seves instal\u00b7lacions i realitzar un taller sobre la relaci\u00f3 entre les aeronaus i les matem\u00e0tiques i la f\u00edsica.<\/p>\n<div class=\"page\" title=\"Page 1\">\n<div class=\"section\">\n<div class=\"layoutArea\">\n<div class=\"column\">\n<p>A la tarda, tots els alumnes van gaudir d&#8217;una gran xocolatada al gimn\u00e0s\u00a0de l\u2019escola i van participar en un divertit -i ben dol\u00e7- concurs de pastissos.<\/p>\n<p>A continuaci\u00f3 podeu veure algunes imatges d&#8217;aquestes tres sortides.<\/p>\n<p>&nbsp;<\/p>\n<\/div>\n<\/div>\n<\/div>\n<\/div>\n<p>[\/vc_column_text][vc_media_grid grid_id=\u00bbvc_gid:1478684300164-006efede-fc99-0&#8243; include=\u00bb14905,14904,14903,14902,14901,14900,14899,14898,14897&#8243;][\/vc_column][\/vc_row]<\/p>\n","protected":false},"excerpt":{"rendered":"<p>[vc_row][vc_column][vc_column_text]Els alumnes d&#8217;ESO tamb\u00e9 van\u00a0celebrar el passat 24 d&#8217;octubre la diada de Sant Rafael amb un munt\u00a0d&#8217;activitats, entre elles, tot un seguit de\u00a0sortides culturals a equipaments sabadellencs. Els de 2n d&#8217;ESO, per exemple, van realitzar un itinerari per Sabadell seguint el fil de la hist\u00f2ria de la ciutat, fent parada al Museu d&#8217;Hist\u00f2ria. En el [&hellip;]<\/p>\n","protected":false},"author":3,"featured_media":14899,"comment_status":"closed","ping_status":"closed","sticky":false,"template":"","format":"standard","meta":{"inline_featured_image":false,"footnotes":""},"categories":[18,16],"tags":[],"_links":{"self":[{"href":"https:\/\/ramaruno.com\/es\/wp-json\/wp\/v2\/posts\/14896"}],"collection":[{"href":"https:\/\/ramaruno.com\/es\/wp-json\/wp\/v2\/posts"}],"about":[{"href":"https:\/\/ramaruno.com\/es\/wp-json\/wp\/v2\/types\/post"}],"author":[{"embeddable":true,"href":"https:\/\/ramaruno.com\/es\/wp-json\/wp\/v2\/users\/3"}],"replies":[{"embeddable":true,"href":"https:\/\/ramaruno.com\/es\/wp-json\/wp\/v2\/comments?post=14896"}],"version-history":[{"count":0,"href":"https:\/\/ramaruno.com\/es\/wp-json\/wp\/v2\/posts\/14896\/revisions"}],"wp:featuredmedia":[{"embeddable":true,"href":"https:\/\/ramaruno.com\/es\/wp-json\/"}],"wp:attachment":[{"href":"https:\/\/ramaruno.com\/es\/wp-json\/wp\/v2\/media?parent=14896"}],"wp:term":[{"taxonomy":"category","embeddable":true,"href":"https:\/\/ramaruno.com\/es\/wp-json\/wp\/v2\/categories?post=14896"},{"taxonomy":"post_tag","embeddable":true,"href":"https:\/\/ramaruno.com\/es\/wp-json\/wp\/v2\/tags?post=14896"}],"curies":[{"name":"wp","href":"https:\/\/api.w.org\/{rel}","templated":true}]}}