{"id":15059,"date":"2017-01-13T09:10:19","date_gmt":"2017-01-13T08:10:19","guid":{"rendered":"https:\/\/ramaruno.com\/?p=15059"},"modified":"2017-01-13T09:10:19","modified_gmt":"2017-01-13T08:10:19","slug":"treball-projecte-pau","status":"publish","type":"post","link":"https:\/\/ramaruno.com\/es\/treball-projecte-pau\/","title":{"rendered":"Aix\u00ed treballem sobre la pau"},"content":{"rendered":"<p>[vc_row][vc_column][vc_column_text]Ja sabeu que a Ramar 1 estem treballant a fons l&#8217;educaci\u00f3 per la pau. Els alumnes de cada classe estan realitzant diverses accions i activitats al voltant d&#8217;aquesta tem\u00e0tica, aprenent qu\u00e8 s\u00f3n els drets humans, com es resolen els conflictes, les conseq\u00fc\u00e8ncies que provoquen, etc. A continuaci\u00f3 us mostrem diverses imatges dels projectes de cada curs.[\/vc_column_text][vc_column_text]<\/p>\n<p class=\"p1\"><strong>5\u00e8 de Prim\u00e0ria &#8211; Els premis Nobel i els drets de l\u2019infant<\/strong><\/p>\n<p>[\/vc_column_text][vc_media_grid grid_id=\u00bbvc_gid:1484291757536-bcb49846-6e9a-4&#8243; include=\u00bb15073,15074,15075,15076,15077,15078&#8243;][vc_column_text]<\/p>\n<p class=\"p1\"><strong>6\u00e8 de Prim\u00e0ria &#8211; Els premis Nobel i els drets de l\u2019infant<\/strong><\/p>\n<p>[\/vc_column_text][vc_media_grid grid_id=\u00bbvc_gid:1484291777374-1827973a-ae97-8&#8243; include=\u00bb15079,15080,15081,15082&#8243;][vc_column_text]<\/p>\n<p class=\"p1\"><strong>1r d\u2019ESO &#8211; Els drets humans<\/strong><\/p>\n<p>[\/vc_column_text][vc_media_grid grid_id=\u00bbvc_gid:1484291777710-a3d5cc3a-b682-10&#8243; include=\u00bb15083,15084,15085&#8243;][vc_column_text]<\/p>\n<p class=\"p1\"><strong>2n d\u2019ESO &#8211; Resoluci\u00f3 de conflictes<\/strong><\/p>\n<p>[\/vc_column_text][vc_media_grid grid_id=\u00bbvc_gid:1484291764026-a8dd18c0-bd8c-7&#8243; include=\u00bb15086,15087,15088,15089,15090,15091,15092,15093&#8243;][vc_column_text]<\/p>\n<p class=\"p1\"><strong>3r d\u2019ESO &#8211; Refugiats de la Guerra Civil<\/strong><\/p>\n<p>[\/vc_column_text][vc_media_grid grid_id=\u00bbvc_gid:1484291764759-e9bf953b-dee6-1&#8243; include=\u00bb15094,15095,15096,15097,15098&#8243;][vc_column_text]<\/p>\n<p class=\"p1\"><strong>4t d\u2019ESO &#8211; La ci\u00e8ncia al servei de la guerra? O de la pau?<\/strong><\/p>\n<p>[\/vc_column_text][vc_media_grid grid_id=\u00bbvc_gid:1484291765383-93d25f45-3456-3&#8243; include=\u00bb15100,15101,15102,15103,15104,15105,15106,15107,15108,15109&#8243;][\/vc_column][\/vc_row]<\/p>\n","protected":false},"excerpt":{"rendered":"<p>[vc_row][vc_column][vc_column_text]Ja sabeu que a Ramar 1 estem treballant a fons l&#8217;educaci\u00f3 per la pau. Els alumnes de cada classe estan realitzant diverses accions i activitats al voltant d&#8217;aquesta tem\u00e0tica, aprenent qu\u00e8 s\u00f3n els drets humans, com es resolen els conflictes, les conseq\u00fc\u00e8ncies que provoquen, etc. A continuaci\u00f3 us mostrem diverses imatges dels projectes de cada [&hellip;]<\/p>\n","protected":false},"author":3,"featured_media":15077,"comment_status":"closed","ping_status":"closed","sticky":false,"template":"","format":"standard","meta":{"inline_featured_image":false,"footnotes":""},"categories":[18,16,17],"tags":[],"_links":{"self":[{"href":"https:\/\/ramaruno.com\/es\/wp-json\/wp\/v2\/posts\/15059"}],"collection":[{"href":"https:\/\/ramaruno.com\/es\/wp-json\/wp\/v2\/posts"}],"about":[{"href":"https:\/\/ramaruno.com\/es\/wp-json\/wp\/v2\/types\/post"}],"author":[{"embeddable":true,"href":"https:\/\/ramaruno.com\/es\/wp-json\/wp\/v2\/users\/3"}],"replies":[{"embeddable":true,"href":"https:\/\/ramaruno.com\/es\/wp-json\/wp\/v2\/comments?post=15059"}],"version-history":[{"count":0,"href":"https:\/\/ramaruno.com\/es\/wp-json\/wp\/v2\/posts\/15059\/revisions"}],"wp:featuredmedia":[{"embeddable":true,"href":"https:\/\/ramaruno.com\/es\/wp-json\/"}],"wp:attachment":[{"href":"https:\/\/ramaruno.com\/es\/wp-json\/wp\/v2\/media?parent=15059"}],"wp:term":[{"taxonomy":"category","embeddable":true,"href":"https:\/\/ramaruno.com\/es\/wp-json\/wp\/v2\/categories?post=15059"},{"taxonomy":"post_tag","embeddable":true,"href":"https:\/\/ramaruno.com\/es\/wp-json\/wp\/v2\/tags?post=15059"}],"curies":[{"name":"wp","href":"https:\/\/api.w.org\/{rel}","templated":true}]}}