{"id":15516,"date":"2017-03-21T10:19:37","date_gmt":"2017-03-21T09:19:37","guid":{"rendered":"https:\/\/ramaruno.com\/?p=15516\/"},"modified":"2017-03-21T10:19:37","modified_gmt":"2017-03-21T09:19:37","slug":"obre-periode-preinscripcions","status":"publish","type":"post","link":"https:\/\/ramaruno.com\/es\/obre-periode-preinscripcions\/","title":{"rendered":"S&#8217;obre el per\u00edode de preinscripcions!"},"content":{"rendered":"<p>Aquest dijous 23 de mar\u00e7 la Generalitat iniciar\u00e0 el per\u00edode de preinscripcions als cursos d\u2019Educaci\u00f3 Infantil (segon cicle), Prim\u00e0ria i ESO. El termini durar\u00e0 fins al dimarts 4 d&#8217;abril. De tota manera, podeu presentar la documentaci\u00f3 al centre fins al 7 d&#8217;abril, tot i que recomanem fer-ho amb marge de temps.<\/p>\n<p>La <strong>documentaci\u00f3<\/strong> que s&#8217;ha de presentar per poder preinscriure al nostre centre \u00e9s la seg\u00fcent:<\/p>\n<p>\u00b7 Original i fotoc\u00f2pia del llibre de fam\u00edlia de l&#8217;alumne. Si el noi es troba en situaci\u00f3 d&#8217;acollida, tamb\u00e9 s&#8217;haur\u00e0 de presentar la resoluci\u00f3 del Departament de Treball, Afers Socials i Familiars.<\/p>\n<p>\u00b7 Original i fotoc\u00f2pia del DNI de la persona sol\u00b7licitant (pare, mare o tutor). Si el sol\u00b7licitant \u00e9s estranger, caldr\u00e0 presentar la targeta de resid\u00e8ncia del DNI o passaport. Si es tracta d&#8217;estrangers comunitaris, s&#8217;haur\u00e0 de portar el document d&#8217;identitat del pa\u00eds d&#8217;origen.<\/p>\n<p>\u00b7 Original i fotoc\u00f2pia del DNI dels alumnes majors de 14 anys. Si l&#8217;alumne t\u00e9 DNI tot i ser menor de 14 anys, tamb\u00e9 s&#8217;haur\u00e0 de presentar.<\/p>\n<p>\u00b7 Original i fotoc\u00f2pia de la TSI (Targeta Sanit\u00e0ria Individual) del nen, si es disposa.<\/p>\n<p>&nbsp;<\/p>\n<p>Altres <strong>dates<\/strong> que cal tenir en compte de cara al proc\u00e9s de preinscripci\u00f3 s\u00f3n:<\/p>\n<p>\u00b7 Llistat de sol\u00b7licituds amb la puntuaci\u00f3 provisional: 24 d&#8217;abril<\/p>\n<p>\u00b7 Per\u00edode per a presentar reclamacions sobre les puntuacions: 25 al 27 d&#8217;abril<\/p>\n<p>\u00b7 Llistat definitiu de les sol\u00b7licituds amb puntuacions: 3 de maig<\/p>\n<p>\u00b7 Oferta final de places escolars: 30 de maig<\/p>\n<p>\u00b7 Llistat d&#8217;alumnes admesos\u00a0(i llista d&#8217;espera, si hi ha): 2 de juny<\/p>\n<p>&nbsp;<\/p>\n<p>A Ramar estem a la vostra disposici\u00f3 si teniu qualsevol dubte. Pots contactar amb nosaltres mitjan\u00e7ant email o xarxes socials!<\/p>\n","protected":false},"excerpt":{"rendered":"<p>Aquest dijous 23 de mar\u00e7 la Generalitat iniciar\u00e0 el per\u00edode de preinscripcions als cursos d\u2019Educaci\u00f3 Infantil (segon cicle), Prim\u00e0ria i ESO. El termini durar\u00e0 fins al dimarts 4 d&#8217;abril. De tota manera, podeu presentar la documentaci\u00f3 al centre fins al 7 d&#8217;abril, tot i que recomanem fer-ho amb marge de temps. La documentaci\u00f3 que s&#8217;ha [&hellip;]<\/p>\n","protected":false},"author":3,"featured_media":15517,"comment_status":"closed","ping_status":"closed","sticky":false,"template":"","format":"standard","meta":{"inline_featured_image":false,"footnotes":""},"categories":[18,15,16,17],"tags":[],"_links":{"self":[{"href":"https:\/\/ramaruno.com\/es\/wp-json\/wp\/v2\/posts\/15516"}],"collection":[{"href":"https:\/\/ramaruno.com\/es\/wp-json\/wp\/v2\/posts"}],"about":[{"href":"https:\/\/ramaruno.com\/es\/wp-json\/wp\/v2\/types\/post"}],"author":[{"embeddable":true,"href":"https:\/\/ramaruno.com\/es\/wp-json\/wp\/v2\/users\/3"}],"replies":[{"embeddable":true,"href":"https:\/\/ramaruno.com\/es\/wp-json\/wp\/v2\/comments?post=15516"}],"version-history":[{"count":0,"href":"https:\/\/ramaruno.com\/es\/wp-json\/wp\/v2\/posts\/15516\/revisions"}],"wp:featuredmedia":[{"embeddable":true,"href":"https:\/\/ramaruno.com\/es\/wp-json\/"}],"wp:attachment":[{"href":"https:\/\/ramaruno.com\/es\/wp-json\/wp\/v2\/media?parent=15516"}],"wp:term":[{"taxonomy":"category","embeddable":true,"href":"https:\/\/ramaruno.com\/es\/wp-json\/wp\/v2\/categories?post=15516"},{"taxonomy":"post_tag","embeddable":true,"href":"https:\/\/ramaruno.com\/es\/wp-json\/wp\/v2\/tags?post=15516"}],"curies":[{"name":"wp","href":"https:\/\/api.w.org\/{rel}","templated":true}]}}