{"id":15827,"date":"2017-07-12T09:54:07","date_gmt":"2017-07-12T07:54:07","guid":{"rendered":"https:\/\/ramaruno.com\/?p=15827\/"},"modified":"2017-07-12T09:54:07","modified_gmt":"2017-07-12T07:54:07","slug":"exit-xix-trobada-primavera-gimnastica-ritmica","status":"publish","type":"post","link":"https:\/\/ramaruno.com\/es\/exit-xix-trobada-primavera-gimnastica-ritmica\/","title":{"rendered":"Gran \u00e8xit de la XIX Trobada Primavera de Gimn\u00e0stica R\u00edtmica"},"content":{"rendered":"<p>[vc_row][vc_column][vc_column_text]<\/p>\n<p class=\"p1\"><span class=\"s1\">El passat dissabte 10 de juny va tenir lloc la XIX Trobada Primavera de Gimn\u00e0stica R\u00edtmica al <\/span><span class=\"s1\">Complex Esportiu Pavell\u00f3 Sud de Sabadell amb la participaci\u00f3 de 600 gimnastes de diferents entitats i clubs de Barcelona i prov\u00edncia en la modalitat individual, conjunts i exhibicions. <\/span><\/p>\n<p class=\"p1\"><span class=\"s1\">La jornada es va dividir en tres entregues de premis i<span class=\"Apple-converted-space\">\u00a0<\/span>totes les gimnastes<span class=\"Apple-converted-space\">\u00a0<\/span>van rebre diferents obsequis de les empreses que van col\u00b7laborar en la competici\u00f3.\u00a0<\/span><span class=\"s1\">El p\u00fablic tamb\u00e9 va ser participatiu en les diferents rifes que es van dur a terme en els tres lliuraments de trofeus.\u00a0<\/span><span class=\"s1\">Un any m\u00e9s, tot i amb el gran nombr\u00f3s de gimnastes participants, la competici\u00f3 va ser tot un \u00e8xit, rebent per part de les entitats convidades les seves felicitacions.<\/span><\/p>\n<p class=\"p1\">A continuaci\u00f3 podeu veure una gran galeria amb les millors fotografies de la jornada.<\/p>\n<p>[\/vc_column_text][vc_media_grid grid_id=\u00bbvc_gid:1499846222587-9441293a-a15e-6&#8243; include=\u00bb15834,15832,15836,15835,15831,15830,15833,15837,15838,15839,15840,15841,15842,15843,15844,15845,15846,15847,15848,15849,15850,15851,15852,15853,15854,15855,15856,15857&#8243;][\/vc_column][\/vc_row]<\/p>\n","protected":false},"excerpt":{"rendered":"<p>[vc_row][vc_column][vc_column_text] El passat dissabte 10 de juny va tenir lloc la XIX Trobada Primavera de Gimn\u00e0stica R\u00edtmica al Complex Esportiu Pavell\u00f3 Sud de Sabadell amb la participaci\u00f3 de 600 gimnastes de diferents entitats i clubs de Barcelona i prov\u00edncia en la modalitat individual, conjunts i exhibicions. La jornada es va dividir en tres entregues de [&hellip;]<\/p>\n","protected":false},"author":3,"featured_media":15837,"comment_status":"closed","ping_status":"closed","sticky":false,"template":"","format":"standard","meta":{"inline_featured_image":false,"footnotes":""},"categories":[18,15,16,17],"tags":[],"_links":{"self":[{"href":"https:\/\/ramaruno.com\/es\/wp-json\/wp\/v2\/posts\/15827"}],"collection":[{"href":"https:\/\/ramaruno.com\/es\/wp-json\/wp\/v2\/posts"}],"about":[{"href":"https:\/\/ramaruno.com\/es\/wp-json\/wp\/v2\/types\/post"}],"author":[{"embeddable":true,"href":"https:\/\/ramaruno.com\/es\/wp-json\/wp\/v2\/users\/3"}],"replies":[{"embeddable":true,"href":"https:\/\/ramaruno.com\/es\/wp-json\/wp\/v2\/comments?post=15827"}],"version-history":[{"count":0,"href":"https:\/\/ramaruno.com\/es\/wp-json\/wp\/v2\/posts\/15827\/revisions"}],"wp:featuredmedia":[{"embeddable":true,"href":"https:\/\/ramaruno.com\/es\/wp-json\/"}],"wp:attachment":[{"href":"https:\/\/ramaruno.com\/es\/wp-json\/wp\/v2\/media?parent=15827"}],"wp:term":[{"taxonomy":"category","embeddable":true,"href":"https:\/\/ramaruno.com\/es\/wp-json\/wp\/v2\/categories?post=15827"},{"taxonomy":"post_tag","embeddable":true,"href":"https:\/\/ramaruno.com\/es\/wp-json\/wp\/v2\/tags?post=15827"}],"curies":[{"name":"wp","href":"https:\/\/api.w.org\/{rel}","templated":true}]}}