{"id":16167,"date":"2017-11-22T17:30:21","date_gmt":"2017-11-22T16:30:21","guid":{"rendered":"https:\/\/ramaruno.com\/?p=16167"},"modified":"2017-11-22T17:30:21","modified_gmt":"2017-11-22T16:30:21","slug":"ramar-diada-infant-2017","status":"publish","type":"post","link":"https:\/\/ramaruno.com\/es\/ramar-diada-infant-2017\/","title":{"rendered":"Ramar col\u00b7labora amb la 1a Diada de l&#8217;Infant"},"content":{"rendered":"<p>Aquest proper diumenge dia 26 de novembre es celebra la 1a Diada de l\u2019Infant a Fira Sabadell. Ramar participar\u00e0 en aquest dia tan especial, en el que tots els fons recaptats es destinaran a la investigaci\u00f3 de la cura de la malaltia Niemann Pick tipus C.<\/p>\n<p>Un equip de mestres i m\u00e9s de 40 alumnes voluntaris d\u2019Educaci\u00f3 Secund\u00e0ria estaran presents a la festa, tot col.laborant amb diferents tallers i activitats: maquillatge de cares, contes, jocs, cinema, manualitats, taller de rob\u00f2tica&#8230;<\/p>\n<p>Des de Ramar us convidem a apropar-vos a Fira Sabadell per gaudir d\u2019una gran jornada l\u00fadica i ben\u00e8fica, passant un dia especial amb tots nosaltres!<\/p>\n<p>&nbsp;<\/p>\n<p><a href=\"https:\/\/ramaruno.com\/wp-content\/uploads\/ramar-diada-infant-2017.jpg\"><img fetchpriority=\"high\" decoding=\"async\" class=\"aligncenter wp-image-16170 size-large\" src=\"https:\/\/ramaruno.com\/wp-content\/uploads\/ramar-diada-infant-2017-762x1024.jpg\" alt=\"\" width=\"762\" height=\"1024\" \/><\/a><\/p>\n","protected":false},"excerpt":{"rendered":"<p>Aquest proper diumenge dia 26 de novembre es celebra la 1a Diada de l\u2019Infant a Fira Sabadell. Ramar participar\u00e0 en aquest dia tan especial, en el que tots els fons recaptats es destinaran a la investigaci\u00f3 de la cura de la malaltia Niemann Pick tipus C. Un equip de mestres i m\u00e9s de 40 alumnes [&hellip;]<\/p>\n","protected":false},"author":3,"featured_media":16171,"comment_status":"closed","ping_status":"closed","sticky":false,"template":"","format":"standard","meta":{"inline_featured_image":false,"footnotes":""},"categories":[18,15,16,17],"tags":[],"_links":{"self":[{"href":"https:\/\/ramaruno.com\/es\/wp-json\/wp\/v2\/posts\/16167"}],"collection":[{"href":"https:\/\/ramaruno.com\/es\/wp-json\/wp\/v2\/posts"}],"about":[{"href":"https:\/\/ramaruno.com\/es\/wp-json\/wp\/v2\/types\/post"}],"author":[{"embeddable":true,"href":"https:\/\/ramaruno.com\/es\/wp-json\/wp\/v2\/users\/3"}],"replies":[{"embeddable":true,"href":"https:\/\/ramaruno.com\/es\/wp-json\/wp\/v2\/comments?post=16167"}],"version-history":[{"count":0,"href":"https:\/\/ramaruno.com\/es\/wp-json\/wp\/v2\/posts\/16167\/revisions"}],"wp:featuredmedia":[{"embeddable":true,"href":"https:\/\/ramaruno.com\/es\/wp-json\/"}],"wp:attachment":[{"href":"https:\/\/ramaruno.com\/es\/wp-json\/wp\/v2\/media?parent=16167"}],"wp:term":[{"taxonomy":"category","embeddable":true,"href":"https:\/\/ramaruno.com\/es\/wp-json\/wp\/v2\/categories?post=16167"},{"taxonomy":"post_tag","embeddable":true,"href":"https:\/\/ramaruno.com\/es\/wp-json\/wp\/v2\/tags?post=16167"}],"curies":[{"name":"wp","href":"https:\/\/api.w.org\/{rel}","templated":true}]}}