{"id":26774,"date":"2020-05-11T16:02:03","date_gmt":"2020-05-11T14:02:03","guid":{"rendered":"https:\/\/ramaruno.com\/?p=26774"},"modified":"2020-11-02T08:17:05","modified_gmt":"2020-11-02T07:17:05","slug":"preinscripcio-curs-2020-2021","status":"publish","type":"post","link":"https:\/\/ramaruno.com\/es\/preinscripcio-curs-2020-2021\/","title":{"rendered":"Preinscripci\u00f3 curs 2020-2021"},"content":{"rendered":"<p>El proper 13 de maig s\u2019inicia el proc\u00e9s de preinscripci\u00f3 per a l\u2019Educaci\u00f3 Infantil, l\u2019Educaci\u00f3 Prim\u00e0ria i l\u2019Educaci\u00f3 Secund\u00e0ria.<br \/>\nEnguany, la presentaci\u00f3 ser\u00e0 de forma telem\u00e0tica i nom\u00e9s en casos excepcionals es podr\u00e0 fer presencialment a la secretaria de l\u2019escola, amb cita pr\u00e8via, entre el 19 i el 22 de maig.<\/p>\n<p>A partir del dia 13 i fins al dia 22 tindreu acc\u00e9s a l\u2019aplicaci\u00f3 per a realitzar tots els tr\u00e0mits <a href=\"http:\/\/queestudiar.gencat.cat\/ca\/preinscripcio\/estudis\/obligatoris\/\">AQU\u00cd<\/a>.<\/p>\n<p>Per rebre m\u00e9s informaci\u00f3 podeu contactar amb nosaltres al tel\u00e8fon 640865134, de dilluns a divendres, de 9:00 a 13:00h i de 15:00 a 17:00h. Tamb\u00e9 podeu escriure un correu electr\u00f2nic a ramar1@grupramar.com.<\/p>\n<p><b>Consulta l&#8217;oferta de places al \u00a0<span style=\"color: #3366ff;\"><a style=\"color: #3366ff;\" href=\"http:\/\/mapaescolar.gencat.cat\/\" target=\"_blank\" rel=\"noopener noreferrer\">Mapa escolar de la preinscripci\u00f3 curs 2020-2021<\/a>.\u00a0<\/span><\/b> (clica).<\/p>\n","protected":false},"excerpt":{"rendered":"<p>El proper 13 de maig s\u2019inicia el proc\u00e9s de preinscripci\u00f3 per a l\u2019Educaci\u00f3 Infantil, l\u2019Educaci\u00f3 Prim\u00e0ria i l\u2019Educaci\u00f3 Secund\u00e0ria. Enguany, la presentaci\u00f3 ser\u00e0 de forma telem\u00e0tica i nom\u00e9s en casos excepcionals es podr\u00e0 fer presencialment a la secretaria de l\u2019escola, amb cita pr\u00e8via, entre el 19 i el 22 de maig. A partir del dia [&hellip;]<\/p>\n","protected":false},"author":3,"featured_media":26777,"comment_status":"closed","ping_status":"closed","sticky":false,"template":"","format":"standard","meta":{"inline_featured_image":false,"footnotes":""},"categories":[19],"tags":[],"_links":{"self":[{"href":"https:\/\/ramaruno.com\/es\/wp-json\/wp\/v2\/posts\/26774"}],"collection":[{"href":"https:\/\/ramaruno.com\/es\/wp-json\/wp\/v2\/posts"}],"about":[{"href":"https:\/\/ramaruno.com\/es\/wp-json\/wp\/v2\/types\/post"}],"author":[{"embeddable":true,"href":"https:\/\/ramaruno.com\/es\/wp-json\/wp\/v2\/users\/3"}],"replies":[{"embeddable":true,"href":"https:\/\/ramaruno.com\/es\/wp-json\/wp\/v2\/comments?post=26774"}],"version-history":[{"count":2,"href":"https:\/\/ramaruno.com\/es\/wp-json\/wp\/v2\/posts\/26774\/revisions"}],"predecessor-version":[{"id":26949,"href":"https:\/\/ramaruno.com\/es\/wp-json\/wp\/v2\/posts\/26774\/revisions\/26949"}],"wp:featuredmedia":[{"embeddable":true,"href":"https:\/\/ramaruno.com\/es\/wp-json\/"}],"wp:attachment":[{"href":"https:\/\/ramaruno.com\/es\/wp-json\/wp\/v2\/media?parent=26774"}],"wp:term":[{"taxonomy":"category","embeddable":true,"href":"https:\/\/ramaruno.com\/es\/wp-json\/wp\/v2\/categories?post=26774"},{"taxonomy":"post_tag","embeddable":true,"href":"https:\/\/ramaruno.com\/es\/wp-json\/wp\/v2\/tags?post=26774"}],"curies":[{"name":"wp","href":"https:\/\/api.w.org\/{rel}","templated":true}]}}